{"id":24659,"date":"2016-05-30T09:00:00","date_gmt":"2016-05-30T09:00:00","guid":{"rendered":"https:\/\/nuve.ee\/?p=24659"},"modified":"2025-09-01T07:14:01","modified_gmt":"2025-09-01T07:14:01","slug":"raadiku-community-event","status":"publish","type":"post","link":"https:\/\/nuve.ee\/et\/raadiku-community-event\/","title":{"rendered":"Raadiku munitsipaalmajade esimene perep\u00e4ev"},"content":{"rendered":"<div data-elementor-type=\"wp-post\" data-elementor-id=\"24659\" class=\"elementor elementor-24659\" data-elementor-post-type=\"post\">\n\t\t\t\t        <section class=\"elementor-section elementor-top-section elementor-element elementor-element-19852fcf elementor-section-boxed elementor-section-height-default elementor-section-height-default pxl-row-scroll-none pxl-zoom-point-false pxl-section-overflow-visible pxl-section-fix-none pxl-bg-color-none pxl-section-overlay-none\" data-id=\"19852fcf\" data-element_type=\"section\" data-e-type=\"section\">\n\n                \n                <div class=\"elementor-container elementor-column-gap-default\">\n                <div class=\"elementor-column elementor-col-100 elementor-top-column elementor-element elementor-element-5638b5b0 pxl-column-none pxl-column-overflow-hidden-no\" data-id=\"5638b5b0\" data-element_type=\"column\" data-e-type=\"column\">\r\n        <div class=\"elementor-widget-wrap elementor-element-populated\">\r\n                     \r\n        \t\t<div class=\"elementor-element elementor-element-2a95ad91 p2 elementor-widget elementor-widget-pxl_text_editor\" data-id=\"2a95ad91\" data-element_type=\"widget\" data-e-type=\"widget\" data-widget_type=\"pxl_text_editor.default\">\n\t\t\t\t<div class=\"elementor-widget-container\">\n\t\t\t\t\t<div class=\"pxl-text-editor\">\n\t<div class=\"pxl-item--inner pxl-p2\" data-wow-delay=\"ms\">\n\t\t<p>28. mail oli Raadikul esimene perep\u00e4ev, mille raames istutati uusi puid ja lilli, korrastati kodu\u00fcmbrust. P\u00e4eva l\u00f5petas kogupere meelelahutusprogramm muusika ja k\u00e4sit\u00f6\u00f6ga.<\/p><p>Perep\u00e4eva eesm\u00e4rgiks on Raadiku elanike suurem vastutustunne ja huvi oma kodu \u00fcmber toimuva vastu. Oma elukeskkonnast ja kogukonnast hoolivad elanikud aitavad omakorda kaasa eesm\u00e4rgile hoida kinnisvara puhas ning heas seisukorras.<\/p><p>\u201eRaadiku elamukvartali \u00fcheksas kortermajas on kokku 1 214 korterit,\u201c \u00fctles abilinnapea Eha V\u00f5rk. \u201eSeega elab neis arendajalt linna kasutusse v\u00f5etud ja eluasemeprobleemi lahendamisel abi vajanutele \u00fc\u00fcrile antud korterites lausa \u00fche Eesti v\u00e4ikelinna jagu inimesi - kokku ligikaudu 3 000 inimest, sh 880 last.\u201c<\/p><p>Perep\u00e4ev s\u00f5numiga \u201eSaame kokku!\u201c korraldati koost\u00f6\u00f6s Lasnam\u00e4e Linnaosa Valitsusega.<\/p>\t\t\n\t<\/div>\n<\/div>\t\t\t\t<\/div>\n\t\t\t\t<\/div>\n\t\t\t\t<div class=\"elementor-element elementor-element-329186a elementor-widget elementor-widget-pxl_image\" data-id=\"329186a\" data-element_type=\"widget\" data-e-type=\"widget\" data-widget_type=\"pxl_image.default\">\n\t\t\t\t<div class=\"elementor-widget-container\">\n\t\t\t\t\t<div id=\"pxl_image-329186a-9621\"  class=\"pxl-image-single\"  data-wow-delay=\"ms\" \r\n      \r\n          data-parallax-value = \"0\">\r\n    <div class=\"pxl-item--inner\" data-wow-delay=\"120ms\">\r\n                                    <div class=\"pxl-item--image\" >\r\n                                            <img fetchpriority=\"high\" decoding=\"async\" class=\"no-lazyload\" src=\"https:\/\/nuve.ee\/wp-content\/uploads\/2025\/07\/Raadiku-1009x517.jpg\" width=\"1009\" height=\"517\" alt=\"Raadiku\" title=\"Raadiku\" \/>                                    <\/div>\r\n                                                                    <\/div>\r\n<\/div>\r\n\t\t\t\t<\/div>\n\t\t\t\t<\/div>\n\t\t            <\/div>\r\n        <\/div>\r\n        \t\t\t<\/div>\n\t\t<\/section>\n\t\t\t\t<\/div>","protected":false},"excerpt":{"rendered":"<p>\u00dcritusel istutati puid ja lille, samuti oli perekondlik meelelahutusprogramm<\/p>","protected":false},"author":1,"featured_media":24660,"comment_status":"closed","ping_status":"closed","sticky":false,"template":"","format":"standard","meta":{"iawp_total_views":0,"footnotes":""},"categories":[1],"tags":[63],"class_list":["post-24659","post","type-post","status-publish","format-standard","has-post-thumbnail","hentry","category-transaction","tag-estonia"],"_links":{"self":[{"href":"https:\/\/nuve.ee\/et\/wp-json\/wp\/v2\/posts\/24659","targetHints":{"allow":["GET"]}}],"collection":[{"href":"https:\/\/nuve.ee\/et\/wp-json\/wp\/v2\/posts"}],"about":[{"href":"https:\/\/nuve.ee\/et\/wp-json\/wp\/v2\/types\/post"}],"author":[{"embeddable":true,"href":"https:\/\/nuve.ee\/et\/wp-json\/wp\/v2\/users\/1"}],"replies":[{"embeddable":true,"href":"https:\/\/nuve.ee\/et\/wp-json\/wp\/v2\/comments?post=24659"}],"version-history":[{"count":4,"href":"https:\/\/nuve.ee\/et\/wp-json\/wp\/v2\/posts\/24659\/revisions"}],"predecessor-version":[{"id":24664,"href":"https:\/\/nuve.ee\/et\/wp-json\/wp\/v2\/posts\/24659\/revisions\/24664"}],"wp:featuredmedia":[{"embeddable":true,"href":"https:\/\/nuve.ee\/et\/wp-json\/wp\/v2\/media\/24660"}],"wp:attachment":[{"href":"https:\/\/nuve.ee\/et\/wp-json\/wp\/v2\/media?parent=24659"}],"wp:term":[{"taxonomy":"category","embeddable":true,"href":"https:\/\/nuve.ee\/et\/wp-json\/wp\/v2\/categories?post=24659"},{"taxonomy":"post_tag","embeddable":true,"href":"https:\/\/nuve.ee\/et\/wp-json\/wp\/v2\/tags?post=24659"}],"curies":[{"name":"wp","href":"https:\/\/api.w.org\/{rel}","templated":true}]}}